{"id":1095,"date":"2023-11-28T01:13:19","date_gmt":"2023-11-28T00:13:19","guid":{"rendered":"https:\/\/www.fitgym.ovh\/?p=1095"},"modified":"2023-11-28T01:13:19","modified_gmt":"2023-11-28T00:13:19","slug":"telethon-samedi-9-decembre-2023-au-centre-ville-de-saint-chamas","status":"publish","type":"post","link":"https:\/\/www.fitgym.ovh\/index.php\/2023\/11\/28\/telethon-samedi-9-decembre-2023-au-centre-ville-de-saint-chamas\/","title":{"rendered":"T\u00e9l\u00e9thon samedi 9 d\u00e9cembre 2023 au centre-ville de Saint-Chamas"},"content":{"rendered":"\n<p>Chers Adh\u00e9rents, Adh\u00e9rentes, cette ann\u00e9e le T\u00e9l\u00e9thon aura lieu \u00e0 le samedi 9 d\u00e9cembre 2023 au centre-ville de Saint-Chamas, l\u2019association FITGYM s\u2019associe \u00e0 cet \u00e9v\u00e9nement.<\/p>\n\n\n\n<p>Vous pouvez vous rapprocher de Myl\u00e8ne pour la vente actuelle de porte-clef \u00e0 3 \u20ac dont les sommes r\u00e9colt\u00e9es seront offertes au profit du t\u00e9l\u00e9thon.<\/p>\n\n\n\n<p>Tout au long de la journ\u00e9e du samedi 9 d\u00e9cembre 2023, divers \u00e9v\u00e9nements seront mis en place pour r\u00e9colter des dons, l\u2019association FITGYM tiendra \u00e9galement un stand de vente de sucr\u00e9s\/sal\u00e9s au profit du t\u00e9l\u00e9thon, nous sollicitons tous les membres de notre association pour la confection d\u2019un g\u00e2teau\/tarte que vous pourrez d\u00e9poser d\u00e8s le matin \u00e0 notre stand \u00e0 partir de 8h30 pour nous aider \u00e0 r\u00e9colter des fonds.<\/p>\n\n\n\n<p>Pour les plus courageux, vous pourrez \u00e9galement vous joindre aux animations propos\u00e9s par les autres associations&nbsp;:<\/p>\n\n\n\n<ul class=\"wp-block-list\">\n<li>Le cercle de l\u2019Aviron proposera des stages de rameurs devant le boulevard Pasteur le matin&nbsp;: participation minimum de 2.00 \u20ac<\/li>\n\n\n\n<li>L\u2019ANR propose une marche dans la Poudrerie participation 2.00 \u20ac minimum (le matin)<\/li>\n\n\n\n<li>La Palette d\u2019Art propose, place de la Mairie (le matin) un atelier de peinture sur galet ou sur coquille Saint-Jacques&nbsp; ( si vous avez des coquilles, la palette d\u2019Art est preneuse) participation 1.00 \u20ac<\/li>\n\n\n\n<li>Le Dojo Animation place de la Mairie le matin<\/li>\n\n\n\n<li>Le CMJ vendra des cookies le samedi matin<\/li>\n<\/ul>\n\n\n\n<p>En esp\u00e9rant vous voir nombreux \/ nombreuses.<\/p>\n\n\n\n<p>Le Bureau FITGYM.<\/p>\n\n\n\n<figure class=\"wp-block-image size-large\"><img fetchpriority=\"high\" decoding=\"async\" width=\"1024\" height=\"576\" src=\"https:\/\/www.fitgym.ovh\/wp-content\/uploads\/2023\/11\/Telethon-2023-1024x576.jpeg\" alt=\"\" class=\"wp-image-1096\" srcset=\"https:\/\/www.fitgym.ovh\/wp-content\/uploads\/2023\/11\/Telethon-2023-1024x576.jpeg 1024w, https:\/\/www.fitgym.ovh\/wp-content\/uploads\/2023\/11\/Telethon-2023-300x169.jpeg 300w, https:\/\/www.fitgym.ovh\/wp-content\/uploads\/2023\/11\/Telethon-2023-768x432.jpeg 768w, https:\/\/www.fitgym.ovh\/wp-content\/uploads\/2023\/11\/Telethon-2023-1536x864.jpeg 1536w, https:\/\/www.fitgym.ovh\/wp-content\/uploads\/2023\/11\/Telethon-2023-1140x641.jpeg 1140w, https:\/\/www.fitgym.ovh\/wp-content\/uploads\/2023\/11\/Telethon-2023.jpeg 2048w\" sizes=\"(max-width: 1024px) 100vw, 1024px\" \/><\/figure>\n","protected":false},"excerpt":{"rendered":"<p>Chers Adh\u00e9rents, Adh\u00e9rentes, cette ann\u00e9e le T\u00e9l\u00e9thon aura lieu \u00e0 le samedi 9 d\u00e9cembre 2023 au centre-ville de Saint-Chamas, l\u2019association FITGYM s\u2019associe \u00e0 cet \u00e9v\u00e9nement. Vous pouvez vous rapprocher de Myl\u00e8ne pour la vente actuelle de porte-clef \u00e0 3 \u20ac dont les sommes r\u00e9colt\u00e9es seront offertes au profit du t\u00e9l\u00e9thon. Tout au long de la journ\u00e9e du samedi 9 d\u00e9cembre 2023, divers \u00e9v\u00e9nements seront mis en place pour r\u00e9colter des dons, l\u2019association FITGYM tiendra \u00e9galement un stand de vente de sucr\u00e9s\/sal\u00e9s au profit du t\u00e9l\u00e9thon, nous sollicitons tous les membres de notre association pour la confection d\u2019un g\u00e2teau\/tarte que vous pourrez d\u00e9poser d\u00e8s le matin \u00e0 notre stand \u00e0 partir de 8h30 pour nous aider \u00e0 r\u00e9colter des fonds. Pour les plus courageux, vous pourrez \u00e9galement vous joindre aux animations propos\u00e9s par les autres associations&nbsp;: En esp\u00e9rant vous voir nombreux \/ nombreuses. Le Bureau FITGYM.<\/p>\n","protected":false},"author":2,"featured_media":0,"comment_status":"open","ping_status":"open","sticky":true,"template":"","format":"standard","meta":{"footnotes":""},"categories":[28],"tags":[],"class_list":["post-1095","post","type-post","status-publish","format-standard","hentry","category-zumba-noel"],"_links":{"self":[{"href":"https:\/\/www.fitgym.ovh\/index.php\/wp-json\/wp\/v2\/posts\/1095","targetHints":{"allow":["GET"]}}],"collection":[{"href":"https:\/\/www.fitgym.ovh\/index.php\/wp-json\/wp\/v2\/posts"}],"about":[{"href":"https:\/\/www.fitgym.ovh\/index.php\/wp-json\/wp\/v2\/types\/post"}],"author":[{"embeddable":true,"href":"https:\/\/www.fitgym.ovh\/index.php\/wp-json\/wp\/v2\/users\/2"}],"replies":[{"embeddable":true,"href":"https:\/\/www.fitgym.ovh\/index.php\/wp-json\/wp\/v2\/comments?post=1095"}],"version-history":[{"count":1,"href":"https:\/\/www.fitgym.ovh\/index.php\/wp-json\/wp\/v2\/posts\/1095\/revisions"}],"predecessor-version":[{"id":1097,"href":"https:\/\/www.fitgym.ovh\/index.php\/wp-json\/wp\/v2\/posts\/1095\/revisions\/1097"}],"wp:attachment":[{"href":"https:\/\/www.fitgym.ovh\/index.php\/wp-json\/wp\/v2\/media?parent=1095"}],"wp:term":[{"taxonomy":"category","embeddable":true,"href":"https:\/\/www.fitgym.ovh\/index.php\/wp-json\/wp\/v2\/categories?post=1095"},{"taxonomy":"post_tag","embeddable":true,"href":"https:\/\/www.fitgym.ovh\/index.php\/wp-json\/wp\/v2\/tags?post=1095"}],"curies":[{"name":"wp","href":"https:\/\/api.w.org\/{rel}","templated":true}]}}