{"id":714,"date":"2020-06-26T00:35:58","date_gmt":"2020-06-25T22:35:58","guid":{"rendered":"https:\/\/www.fitgym.ovh\/?p=714"},"modified":"2020-06-26T10:56:36","modified_gmt":"2020-06-26T08:56:36","slug":"fin-de-saison-2019-2020-bonnes-vacances","status":"publish","type":"post","link":"https:\/\/www.fitgym.ovh\/index.php\/2020\/06\/26\/fin-de-saison-2019-2020-bonnes-vacances\/","title":{"rendered":"Fin de Saison 2019-2020 &#8211; Bonnes Vacances &#8211;"},"content":{"rendered":"\n<p>Bonsoir, la saison 2019-2020 de ce contexte sanitaire tr\u00e8s particulier s\u2019ach\u00e8ve pour FITGYM, FITGYM vous souhaite \u00e0 tous et toutes de bonnes vacances d\u2019\u00e9t\u00e9 et esp\u00e9rons vous revoir \u00e0 la prochaine saison 2020-2021.<\/p>\n\n\n\n<p>Cette ann\u00e9e, la journ\u00e9e des associations aura lieu le Samedi 5 Septembre 2020, vous pourrez venir vous inscrire pour la nouvelle saison \u00e0 partir de cette date et r\u00e9server vos places pour les cours soumis \u00e0 nombre maximum.<\/p>\n\n\n\n<p>Le contexte sanitaire tendu nous emp\u00eache cette ann\u00e9e d\u2019organiser un ap\u00e9ritif \/ repas de fin d\u2019ann\u00e9e dans le cadre de l\u2019association, cependant, nous transmettons l\u2019initiative personnelle de Myl\u00e8ne ind\u00e9pendante de l\u2019association, qui invite ses \u00e9l\u00e8ves \u00e0 la rejoindre ce dimanche 28 juin 2020 \u00e0 20h30 au Quillet \u00e0 Miramas pour prendre une petite glace ou un rafraichissement, vous pouvez signaler votre pr\u00e9sence \u00e0 cette invitation directement aupr\u00e8s de Myl\u00e8ne : <a aria-label=\"undefined (s\u2019ouvre dans un nouvel onglet)\" href=\"https:\/\/www.facebook.com\/fitgym13250\/\" target=\"_blank\" rel=\"noreferrer noopener\">https:\/\/www.facebook.com\/fitgym13250\/<\/a><\/p>\n\n\n\n<p>Nous vous souhaitons \u00e0 tous et toutes, un bel \u00e9t\u00e9.<\/p>\n\n\n\n<p>Le Bureau de FITGYM.<\/p>\n\n\n\n<figure class=\"wp-block-image size-large\"><img fetchpriority=\"high\" decoding=\"async\" width=\"600\" height=\"600\" src=\"https:\/\/www.fitgym.ovh\/wp-content\/uploads\/2020\/06\/Merci-FITGYM.jpg\" alt=\"\" class=\"wp-image-715\" srcset=\"https:\/\/www.fitgym.ovh\/wp-content\/uploads\/2020\/06\/Merci-FITGYM.jpg 600w, https:\/\/www.fitgym.ovh\/wp-content\/uploads\/2020\/06\/Merci-FITGYM-300x300.jpg 300w, https:\/\/www.fitgym.ovh\/wp-content\/uploads\/2020\/06\/Merci-FITGYM-150x150.jpg 150w, https:\/\/www.fitgym.ovh\/wp-content\/uploads\/2020\/06\/Merci-FITGYM-75x75.jpg 75w\" sizes=\"(max-width: 600px) 100vw, 600px\" \/><\/figure>\n","protected":false},"excerpt":{"rendered":"<p>Bonsoir, la saison 2019-2020 de ce contexte sanitaire tr\u00e8s particulier s\u2019ach\u00e8ve pour FITGYM, FITGYM vous souhaite \u00e0 tous et toutes de bonnes vacances d\u2019\u00e9t\u00e9 et esp\u00e9rons vous revoir \u00e0 la prochaine saison 2020-2021. Cette ann\u00e9e, la journ\u00e9e des associations aura lieu le Samedi 5 Septembre 2020, vous pourrez venir vous inscrire pour la nouvelle saison \u00e0 partir de cette date et r\u00e9server vos places pour les cours soumis \u00e0 nombre maximum. Le contexte sanitaire tendu nous emp\u00eache cette ann\u00e9e d\u2019organiser un ap\u00e9ritif \/ repas de fin d\u2019ann\u00e9e dans le cadre de l\u2019association, cependant, nous transmettons l\u2019initiative personnelle de Myl\u00e8ne ind\u00e9pendante de l\u2019association, qui invite ses \u00e9l\u00e8ves \u00e0 la rejoindre ce dimanche 28 juin 2020 \u00e0 20h30 au Quillet \u00e0 Miramas pour prendre une petite glace ou un rafraichissement, vous pouvez signaler votre pr\u00e9sence \u00e0 cette invitation directement aupr\u00e8s de Myl\u00e8ne : https:\/\/www.facebook.com\/fitgym13250\/ Nous vous souhaitons \u00e0 tous et toutes, un bel \u00e9t\u00e9. Le Bureau de FITGYM.<\/p>\n","protected":false},"author":2,"featured_media":0,"comment_status":"open","ping_status":"open","sticky":true,"template":"","format":"standard","meta":{"footnotes":""},"categories":[29],"tags":[],"class_list":["post-714","post","type-post","status-publish","format-standard","hentry","category-informations"],"_links":{"self":[{"href":"https:\/\/www.fitgym.ovh\/index.php\/wp-json\/wp\/v2\/posts\/714","targetHints":{"allow":["GET"]}}],"collection":[{"href":"https:\/\/www.fitgym.ovh\/index.php\/wp-json\/wp\/v2\/posts"}],"about":[{"href":"https:\/\/www.fitgym.ovh\/index.php\/wp-json\/wp\/v2\/types\/post"}],"author":[{"embeddable":true,"href":"https:\/\/www.fitgym.ovh\/index.php\/wp-json\/wp\/v2\/users\/2"}],"replies":[{"embeddable":true,"href":"https:\/\/www.fitgym.ovh\/index.php\/wp-json\/wp\/v2\/comments?post=714"}],"version-history":[{"count":2,"href":"https:\/\/www.fitgym.ovh\/index.php\/wp-json\/wp\/v2\/posts\/714\/revisions"}],"predecessor-version":[{"id":717,"href":"https:\/\/www.fitgym.ovh\/index.php\/wp-json\/wp\/v2\/posts\/714\/revisions\/717"}],"wp:attachment":[{"href":"https:\/\/www.fitgym.ovh\/index.php\/wp-json\/wp\/v2\/media?parent=714"}],"wp:term":[{"taxonomy":"category","embeddable":true,"href":"https:\/\/www.fitgym.ovh\/index.php\/wp-json\/wp\/v2\/categories?post=714"},{"taxonomy":"post_tag","embeddable":true,"href":"https:\/\/www.fitgym.ovh\/index.php\/wp-json\/wp\/v2\/tags?post=714"}],"curies":[{"name":"wp","href":"https:\/\/api.w.org\/{rel}","templated":true}]}}