{"id":720,"date":"2020-07-01T23:53:57","date_gmt":"2020-07-01T21:53:57","guid":{"rendered":"https:\/\/www.fitgym.ovh\/?p=720"},"modified":"2020-08-25T09:35:44","modified_gmt":"2020-08-25T07:35:44","slug":"assemblee-generale-du-1er-septembre-2020","status":"publish","type":"post","link":"https:\/\/www.fitgym.ovh\/index.php\/2020\/07\/01\/assemblee-generale-du-1er-septembre-2020\/","title":{"rendered":"Assembl\u00e9e G\u00e9n\u00e9rale du 1er Septembre 2020"},"content":{"rendered":"\n<p class=\"has-text-color has-vivid-red-color\">Bonjour, l\u2019assembl\u00e9e g\u00e9n\u00e9rale report\u00e9e pour cause de COVID-19 aura lieu le Mardi 1er Septembre 2020 \u00e0 19h00 \u00e0 L&rsquo;ATELIER 480 en lieu et place de la salle municipale comme pr\u00e9vu initialement.<\/p>\n\n\n\n<p><br>Plus d&rsquo;informations sur le mail adress\u00e9 aux adh\u00e9rents le 25\/08\/2020 et le 01\/07\/2020.<\/p>\n\n\n\n<p><br>Nous sommes toujours \u00e9galement \u00e0 la recherche de b\u00e9n\u00e9voles d\u00e9sireux de faire vivre l\u2019association, sans b\u00e9n\u00e9voles, l\u2019association risque de ne plus pouvoir assurer sa p\u00e9rennit\u00e9 dans le temps, si vous d\u00e9sirez vous engager pour l\u2019association, laissez-nous un mail \u00e0 : <a href=\"mailto:ag-candidature@fitgym.ovh\" target=\"_blank\" aria-label=\"undefined (s\u2019ouvre dans un nouvel onglet)\" rel=\"noreferrer noopener\">ag-candidature@fitgym.ovh<\/a><\/p>\n\n\n\n<p><br>La saison 2020-2021 reprendra le lundi 7 septembre apr\u00e8s la journ\u00e9e des associations du 5 septembre.<\/p>\n\n\n\n<p><br>Sportivement.<\/p>\n\n\n\n<p>Le Bureau FITGYM.<\/p>\n","protected":false},"excerpt":{"rendered":"<p>Bonjour, l\u2019assembl\u00e9e g\u00e9n\u00e9rale report\u00e9e pour cause de COVID-19 aura lieu le Mardi 1er Septembre 2020 \u00e0 19h00 \u00e0 L&rsquo;ATELIER 480 en lieu et place de la salle municipale comme pr\u00e9vu initialement. Plus d&rsquo;informations sur le mail adress\u00e9 aux adh\u00e9rents le 25\/08\/2020 et le 01\/07\/2020. Nous sommes toujours \u00e9galement \u00e0 la recherche de b\u00e9n\u00e9voles d\u00e9sireux de faire vivre l\u2019association, sans b\u00e9n\u00e9voles, l\u2019association risque de ne plus pouvoir assurer sa p\u00e9rennit\u00e9 dans le temps, si vous d\u00e9sirez vous engager pour l\u2019association, laissez-nous un mail \u00e0 : ag-candidature@fitgym.ovh La saison 2020-2021 reprendra le lundi 7 septembre apr\u00e8s la journ\u00e9e des associations du 5 septembre. Sportivement. Le Bureau FITGYM.<\/p>\n","protected":false},"author":2,"featured_media":0,"comment_status":"open","ping_status":"open","sticky":true,"template":"","format":"standard","meta":{"footnotes":""},"categories":[29],"tags":[],"class_list":["post-720","post","type-post","status-publish","format-standard","hentry","category-informations"],"_links":{"self":[{"href":"https:\/\/www.fitgym.ovh\/index.php\/wp-json\/wp\/v2\/posts\/720","targetHints":{"allow":["GET"]}}],"collection":[{"href":"https:\/\/www.fitgym.ovh\/index.php\/wp-json\/wp\/v2\/posts"}],"about":[{"href":"https:\/\/www.fitgym.ovh\/index.php\/wp-json\/wp\/v2\/types\/post"}],"author":[{"embeddable":true,"href":"https:\/\/www.fitgym.ovh\/index.php\/wp-json\/wp\/v2\/users\/2"}],"replies":[{"embeddable":true,"href":"https:\/\/www.fitgym.ovh\/index.php\/wp-json\/wp\/v2\/comments?post=720"}],"version-history":[{"count":2,"href":"https:\/\/www.fitgym.ovh\/index.php\/wp-json\/wp\/v2\/posts\/720\/revisions"}],"predecessor-version":[{"id":728,"href":"https:\/\/www.fitgym.ovh\/index.php\/wp-json\/wp\/v2\/posts\/720\/revisions\/728"}],"wp:attachment":[{"href":"https:\/\/www.fitgym.ovh\/index.php\/wp-json\/wp\/v2\/media?parent=720"}],"wp:term":[{"taxonomy":"category","embeddable":true,"href":"https:\/\/www.fitgym.ovh\/index.php\/wp-json\/wp\/v2\/categories?post=720"},{"taxonomy":"post_tag","embeddable":true,"href":"https:\/\/www.fitgym.ovh\/index.php\/wp-json\/wp\/v2\/tags?post=720"}],"curies":[{"name":"wp","href":"https:\/\/api.w.org\/{rel}","templated":true}]}}